

{"id":10522,"date":"2024-08-26T15:00:29","date_gmt":"2024-08-26T18:00:29","guid":{"rendered":"https:\/\/www.osmgp.gov.ar\/osse\/?p=10522"},"modified":"2024-09-03T14:29:36","modified_gmt":"2024-09-03T17:29:36","slug":"osse-volvio-a-ser-reconocida-como-empresa-climaticamente-inteligente","status":"publish","type":"post","link":"https:\/\/www.osmgp.gov.ar\/osse\/osse-volvio-a-ser-reconocida-como-empresa-climaticamente-inteligente\/","title":{"rendered":"OSSE volvi\u00f3 a ser reconocida como empresa clim\u00e1ticamente inteligente"},"content":{"rendered":"<p>Por tercer a\u00f1o consecutivo, la Asociaci\u00f3n Internacional del Agua (IWA) evalu\u00f3 el trabajo realizado por Obras Sanitarias frente al cambio clim\u00e1tico y la volvi\u00f3 a distinguir, tal como aconteci\u00f3 en 2022 y 2023, como\u00a0<strong>\u201cempresa de servicios p\u00fablicos clim\u00e1ticamente inteligente\u201d.<\/strong><\/p>\n<p>El reconocimiento, que se hizo efectivo durante el desarrollo del Congreso y Exposici\u00f3n Mundial del Agua\u00a0(WWCE) que tuvo lugar\u00a0 en Toronto (Canad\u00e1), se bas\u00f3 en los avances sustanciales logrados por OSSE en la gesti\u00f3n sanitaria.<\/p>\n<p><strong>\u201cEs un premio para inspirar a las empresas de servicios p\u00fablicos hacia la transici\u00f3n para ser cada vez m\u00e1s clim\u00e1ticamente inteligentes y abrazar el cambio cultural en tres pilares bien identificados: adaptaci\u00f3n, mitigaci\u00f3n y liderazgo\u201d,<\/strong>\u00a0asever\u00f3 el ingeniero\u00a0<strong>Luis M\u00e9rida<\/strong>, a cargo de la Gerencia de Energ\u00edas Renovables y Recursos H\u00eddricos.<\/p>\n<p>Obras Sanitarias fue distinguida en 2022 en Copenhague por su trayectoria. Un a\u00f1o m\u00e1s tarde, en Ruanda,\u00a0 volvi\u00f3 a ser reconocida no s\u00f3lo por su condici\u00f3n de\u00a0<strong>\u201cl\u00edder\u201d<\/strong>\u00a0sino que se la destac\u00f3 como empresa de servicios p\u00fablicos \u201c<strong>ambiciosa y creativa\u201d.<\/strong><\/p>\n<p>El programa de esta edici\u00f3n 2024, donde se ubic\u00f3 a OSSE entre las empresas \u201c<strong>m\u00e1s innovadoras del mundo\u201d,<\/strong>\u00a0ha buscado poner en relevancia la dif\u00edcil<strong>\u00a0<\/strong>tarea de los organismos de agua y saneamiento que accionan en condiciones no favorables para dar respuesta al cambio clim\u00e1tico.<\/p>\n<p>&nbsp;<\/p>\n<p><em>*M\u00e1s informaci\u00f3n sobre los reconocimientos de IWA de los a\u00f1os 2022 y 2023 en los siguientes links:<\/em><\/p>\n<p><a href=\"https:\/\/www.osmgp.gov.ar\/osse\/osse-fue-distinguida-como-empresa-climaticamente-inteligente\/\">https:\/\/www.osmgp.gov.ar\/osse\/osse-fue-distinguida-como-empresa-climaticamente-inteligente\/\u00a0<\/a><\/p>\n<p><a href=\"https:\/\/www.osmgp.gov.ar\/osse\/ratifican-a-osse-como-empresa-climaticamente-inteligente\/\">https:\/\/www.osmgp.gov.ar\/osse\/ratifican-a-osse-como-empresa-climaticamente-inteligente\/<\/a><\/p>\n<p><a href=\"https:\/\/iwa-network.org\/projects\/climate-smart-utilities-recognition\/\">https:\/\/iwa-network.org\/projects\/climate-smart-utilities-recognition\/<\/a><\/p>\n<p>&nbsp;<\/p>\n","protected":false},"excerpt":{"rendered":"<p>Por tercer a\u00f1o consecutivo, la Asociaci\u00f3n Internacional del Agua (IWA) evalu\u00f3 el trabajo realizado por Obras Sanitarias frente al cambio clim\u00e1tico y la volvi\u00f3 a distinguir, tal como aconteci\u00f3 en 2022 y 2023, como\u00a0\u201cempresa de servicios p\u00fablicos clim\u00e1ticamente inteligente\u201d. El reconocimiento, que se hizo efectivo durante el desarrollo del Congreso y Exposici\u00f3n Mundial del Agua\u00a0(WWCE) [&hellip;]<\/p>\n","protected":false},"author":1,"featured_media":10533,"comment_status":"closed","ping_status":"closed","sticky":false,"template":"","format":"standard","meta":{"_et_pb_use_builder":"","_et_pb_old_content":"","_et_gb_content_width":""},"categories":[17,20],"tags":[],"_links":{"self":[{"href":"https:\/\/www.osmgp.gov.ar\/osse\/wp-json\/wp\/v2\/posts\/10522"}],"collection":[{"href":"https:\/\/www.osmgp.gov.ar\/osse\/wp-json\/wp\/v2\/posts"}],"about":[{"href":"https:\/\/www.osmgp.gov.ar\/osse\/wp-json\/wp\/v2\/types\/post"}],"author":[{"embeddable":true,"href":"https:\/\/www.osmgp.gov.ar\/osse\/wp-json\/wp\/v2\/users\/1"}],"replies":[{"embeddable":true,"href":"https:\/\/www.osmgp.gov.ar\/osse\/wp-json\/wp\/v2\/comments?post=10522"}],"version-history":[{"count":5,"href":"https:\/\/www.osmgp.gov.ar\/osse\/wp-json\/wp\/v2\/posts\/10522\/revisions"}],"predecessor-version":[{"id":10857,"href":"https:\/\/www.osmgp.gov.ar\/osse\/wp-json\/wp\/v2\/posts\/10522\/revisions\/10857"}],"wp:featuredmedia":[{"embeddable":true,"href":"https:\/\/www.osmgp.gov.ar\/osse\/wp-json\/wp\/v2\/media\/10533"}],"wp:attachment":[{"href":"https:\/\/www.osmgp.gov.ar\/osse\/wp-json\/wp\/v2\/media?parent=10522"}],"wp:term":[{"taxonomy":"category","embeddable":true,"href":"https:\/\/www.osmgp.gov.ar\/osse\/wp-json\/wp\/v2\/categories?post=10522"},{"taxonomy":"post_tag","embeddable":true,"href":"https:\/\/www.osmgp.gov.ar\/osse\/wp-json\/wp\/v2\/tags?post=10522"}],"curies":[{"name":"wp","href":"https:\/\/api.w.org\/{rel}","templated":true}]}}