

{"id":13083,"date":"2025-09-02T16:05:43","date_gmt":"2025-09-02T19:05:43","guid":{"rendered":"https:\/\/www.osmgp.gov.ar\/osse\/?p=13083"},"modified":"2025-12-18T11:09:25","modified_gmt":"2025-12-18T14:09:25","slug":"osse-recibio-seis-propuestas-para-ampliar-la-red-de-agua-en-el-barrio-alfar","status":"publish","type":"post","link":"https:\/\/www.osmgp.gov.ar\/osse\/osse-recibio-seis-propuestas-para-ampliar-la-red-de-agua-en-el-barrio-alfar\/","title":{"rendered":"OSSE recibi\u00f3 seis propuestas para ampliar la red de agua en el barrio Alfar"},"content":{"rendered":"<p>Obras Sanitarias Mar del Plata concret\u00f3 hoy la apertura de sobres N\u00ba 1 de la Licitaci\u00f3n P\u00fablica N\u00ba 6\/25, correspondiente a la obra <strong>\u201cAmpliaci\u00f3n Red de Agua Barrio Alfar \u2013 Etapa 2\u201d. <\/strong><\/p>\n<p>El acto cont\u00f3 con la participaci\u00f3n de Carlos Katz y Cristina Coria por el Directorio de Obras Sanitarias, representantes de las Gerencias de Compras y T\u00e9cnica y de seis empresas oferentes.<\/p>\n<p>La obra se ejecutar\u00e1 con un presupuesto oficial de $674.385.330 y ser\u00e1 financiada \u00edntegramente con fondos propios, reafirmando el compromiso de Obras Sanitarias con el fortalecimiento de la infraestructura local y el abastecimiento de agua en la zona sur de la ciudad.<\/p>\n<p>El proyecto permitir\u00e1 abastecer a 2.000 vecinos en 30 hect\u00e1reas distribuidas en dos sectores:<\/p>\n<ul>\n<li><strong>Sector 1:<\/strong> De La Maza \u2013 Diagonal EE.UU. \u2013 Arroyo Corrientes<\/li>\n<li><strong>Sector 2:<\/strong> Toscana \u2013 Magrassi \u2013 Regi\u00f3n Molise \u2013 S\u00e1enz (Arroyo Corrientes)<\/li>\n<\/ul>\n<p>El plazo estimado de ejecuci\u00f3n es de 210 d\u00edas corridos.\u00a0 Con este paso, OSSE afianza un proceso participativo que permite garantizar obras de calidad en beneficio de toda la comunidad.<\/p>\n<div class=\"host-bincmiainjofjnhchmcalkanjebghoen\" style=\"position: relative; z-index: 2147483647;\"><\/div>\n<div class=\"host-bincmiainjofjnhchmcalkanjebghoen\" style=\"position: relative; z-index: 2147483647;\"><\/div>\n<div class=\"host-bincmiainjofjnhchmcalkanjebghoen\" style=\"position: relative; z-index: 2147483647;\"><\/div>\n","protected":false},"excerpt":{"rendered":"<p>Obras Sanitarias Mar del Plata concret\u00f3 hoy la apertura de sobres N\u00ba 1 de la Licitaci\u00f3n P\u00fablica N\u00ba 6\/25, correspondiente a la obra \u201cAmpliaci\u00f3n Red de Agua Barrio Alfar \u2013 Etapa 2\u201d. El acto cont\u00f3 con la participaci\u00f3n de Carlos Katz y Cristina Coria por el Directorio de Obras Sanitarias, representantes de las Gerencias de [&hellip;]<\/p>\n","protected":false},"author":1,"featured_media":13084,"comment_status":"closed","ping_status":"closed","sticky":false,"template":"","format":"standard","meta":{"_et_pb_use_builder":"","_et_pb_old_content":"","_et_gb_content_width":""},"categories":[20,16],"tags":[],"_links":{"self":[{"href":"https:\/\/www.osmgp.gov.ar\/osse\/wp-json\/wp\/v2\/posts\/13083"}],"collection":[{"href":"https:\/\/www.osmgp.gov.ar\/osse\/wp-json\/wp\/v2\/posts"}],"about":[{"href":"https:\/\/www.osmgp.gov.ar\/osse\/wp-json\/wp\/v2\/types\/post"}],"author":[{"embeddable":true,"href":"https:\/\/www.osmgp.gov.ar\/osse\/wp-json\/wp\/v2\/users\/1"}],"replies":[{"embeddable":true,"href":"https:\/\/www.osmgp.gov.ar\/osse\/wp-json\/wp\/v2\/comments?post=13083"}],"version-history":[{"count":4,"href":"https:\/\/www.osmgp.gov.ar\/osse\/wp-json\/wp\/v2\/posts\/13083\/revisions"}],"predecessor-version":[{"id":13534,"href":"https:\/\/www.osmgp.gov.ar\/osse\/wp-json\/wp\/v2\/posts\/13083\/revisions\/13534"}],"wp:featuredmedia":[{"embeddable":true,"href":"https:\/\/www.osmgp.gov.ar\/osse\/wp-json\/wp\/v2\/media\/13084"}],"wp:attachment":[{"href":"https:\/\/www.osmgp.gov.ar\/osse\/wp-json\/wp\/v2\/media?parent=13083"}],"wp:term":[{"taxonomy":"category","embeddable":true,"href":"https:\/\/www.osmgp.gov.ar\/osse\/wp-json\/wp\/v2\/categories?post=13083"},{"taxonomy":"post_tag","embeddable":true,"href":"https:\/\/www.osmgp.gov.ar\/osse\/wp-json\/wp\/v2\/tags?post=13083"}],"curies":[{"name":"wp","href":"https:\/\/api.w.org\/{rel}","templated":true}]}}