

{"id":13251,"date":"2025-10-24T15:07:07","date_gmt":"2025-10-24T18:07:07","guid":{"rendered":"https:\/\/www.osmgp.gov.ar\/osse\/?p=13251"},"modified":"2025-10-24T15:07:07","modified_gmt":"2025-10-24T18:07:07","slug":"arranca-el-primer-aquaton-de-osse","status":"publish","type":"post","link":"https:\/\/www.osmgp.gov.ar\/osse\/arranca-el-primer-aquaton-de-osse\/","title":{"rendered":"Arranca el primer Aquat\u00f3n de OSSE"},"content":{"rendered":"<p style=\"font-weight: 400;\">Obras Sanitarias Mar del Plata se prepara para vivir una nueva edici\u00f3n del \u201cAquat\u00f3n 2025\u201d, una propuesta para aprender jugando que invita a los m\u00e1s chicos y adolescentes a reflexionar sobre el cuidado del agua y el uso responsable de los servicios sanitarios.<\/p>\n<p style=\"font-weight: 400;\">El evento se desarrollar\u00e1 del 29 al 31 de octubre en el Espacio Comunidad y Energ\u00eda de EDEA, y combinar\u00e1 diversi\u00f3n, educaci\u00f3n ambiental y h\u00e1bitos saludables.<\/p>\n<p style=\"font-weight: 400;\">Con esta iniciativa, OSSE renueva su compromiso con la educaci\u00f3n ambiental a trav\u00e9s de su Proyecto Educativo, que lleva ya diecis\u00e9is a\u00f1os promoviendo la conciencia sobre el agua y la importancia de cuidar el sistema cloacal y pluvial de la ciudad.<\/p>\n<p style=\"font-weight: 400;\">El cronograma contempla tres jornadas consecutivas: la primera para ni\u00f1os de jard\u00edn, la segunda para alumnos de primaria y la tercera para estudiantes de nivel secundario.<\/p>\n<p style=\"font-weight: 400;\">\u201cProponemos un marat\u00f3n de actividades y desaf\u00edos l\u00fadicos donde cerca de 1.500 chicos de escuelas p\u00fablicas y privadas puedan comprometerse, jugando, a aprender c\u00f3mo operan los servicios sanitarios y qu\u00e9 hacer para que funcionen correctamente\u201d, destac\u00f3 el presidente de OSSE, Carlos Katz.<\/p>\n<p style=\"font-weight: 400;\">Entre las actividades m\u00e1s esperadas se encuentran el \u201cTa Te Ti Tanques\u201d, el \u201cRompecabezas del Ciclo del Agua\u201d, el \u201cMemotest Aquamatch\u201d, el desaf\u00edo \u201cPlomeritos por un d\u00eda\u201d, y el divertido duelo entre \u201cOtto Piloto vs. Don Chaparr\u00f3n\u201d. Tambi\u00e9n habr\u00e1 espacio para los \u201cCazadores de compost\u201d, los \u201cCuentos con Lola\u201d y \u201cLa Liga de la Energ\u00eda\u201d, que completar\u00e1n una experiencia educativa \u00fanica para los m\u00e1s de 1.500 participantes.<\/p>\n<p style=\"font-weight: 400;\">La actividad se desarrollar\u00e1 junto a EDEA, reafirmando el compromiso de ambas empresas en la promoci\u00f3n de h\u00e1bitos sostenibles en el uso del agua y la energ\u00eda.<\/p>\n","protected":false},"excerpt":{"rendered":"<p>Obras Sanitarias Mar del Plata se prepara para vivir una nueva edici\u00f3n del \u201cAquat\u00f3n 2025\u201d, una propuesta para aprender jugando que invita a los m\u00e1s chicos y adolescentes a reflexionar sobre el cuidado del agua y el uso responsable de los servicios sanitarios. El evento se desarrollar\u00e1 del 29 al 31 de octubre en el [&hellip;]<\/p>\n","protected":false},"author":1,"featured_media":13252,"comment_status":"closed","ping_status":"closed","sticky":false,"template":"","format":"standard","meta":{"_et_pb_use_builder":"","_et_pb_old_content":"","_et_gb_content_width":""},"categories":[17,20],"tags":[],"_links":{"self":[{"href":"https:\/\/www.osmgp.gov.ar\/osse\/wp-json\/wp\/v2\/posts\/13251"}],"collection":[{"href":"https:\/\/www.osmgp.gov.ar\/osse\/wp-json\/wp\/v2\/posts"}],"about":[{"href":"https:\/\/www.osmgp.gov.ar\/osse\/wp-json\/wp\/v2\/types\/post"}],"author":[{"embeddable":true,"href":"https:\/\/www.osmgp.gov.ar\/osse\/wp-json\/wp\/v2\/users\/1"}],"replies":[{"embeddable":true,"href":"https:\/\/www.osmgp.gov.ar\/osse\/wp-json\/wp\/v2\/comments?post=13251"}],"version-history":[{"count":1,"href":"https:\/\/www.osmgp.gov.ar\/osse\/wp-json\/wp\/v2\/posts\/13251\/revisions"}],"predecessor-version":[{"id":13253,"href":"https:\/\/www.osmgp.gov.ar\/osse\/wp-json\/wp\/v2\/posts\/13251\/revisions\/13253"}],"wp:featuredmedia":[{"embeddable":true,"href":"https:\/\/www.osmgp.gov.ar\/osse\/wp-json\/wp\/v2\/media\/13252"}],"wp:attachment":[{"href":"https:\/\/www.osmgp.gov.ar\/osse\/wp-json\/wp\/v2\/media?parent=13251"}],"wp:term":[{"taxonomy":"category","embeddable":true,"href":"https:\/\/www.osmgp.gov.ar\/osse\/wp-json\/wp\/v2\/categories?post=13251"},{"taxonomy":"post_tag","embeddable":true,"href":"https:\/\/www.osmgp.gov.ar\/osse\/wp-json\/wp\/v2\/tags?post=13251"}],"curies":[{"name":"wp","href":"https:\/\/api.w.org\/{rel}","templated":true}]}}